{"id":106,"date":"2015-05-29T13:53:57","date_gmt":"2015-05-29T13:53:57","guid":{"rendered":"http:\/\/www3.marcoweb.pt\/aatif-fortios\/?p=106"},"modified":"2021-03-09T17:08:51","modified_gmt":"2021-03-09T17:08:51","slug":"matriculas-20152016","status":"publish","type":"post","link":"https:\/\/www.aatif-fortios.pt\/?p=106","title":{"rendered":"Matriculas 2015\/2016"},"content":{"rendered":"<p>Informam-se todos os interessados que est\u00e3o abertas as inscri\u00e7\u00f5es e renova\u00e7\u00f5es para as val\u00eancias de Creche e Pr\u00e9-escolar no Infant\u00e1rio \u201cOs Traquinas\u201d durante o m\u00eas de Maio.<\/p>\n<p>Para mais informa\u00e7\u00f5es dever\u00e3o os interessados dirigir-se \u00e0 secretaria da A.A.T.I.F.<\/p>\n<p>(hor\u00e1rio: 9h.30m \u00e0s 13h.00m e das 14h.30m \u00e0s 17h.00m), ou atrav\u00e9s do telefone.<\/p>\n","protected":false},"excerpt":{"rendered":"<p>Informam-se todos os interessados que est\u00e3o abertas as inscri\u00e7\u00f5es e renova\u00e7\u00f5es para as val\u00eancias de Creche e Pr\u00e9-escolar no Infant\u00e1rio \u201cOs Traquinas\u201d durante o m\u00eas de Maio. Para mais informa\u00e7\u00f5es dever\u00e3o os interessados dirigir-se \u00e0 secretaria da A.A.T.I.F. (hor\u00e1rio: 9h.30m \u00e0s 13h.00m e das 14h.30m \u00e0s 17h.00m), ou atrav\u00e9s do telefone.<\/p>\n","protected":false},"author":3,"featured_media":107,"comment_status":"closed","ping_status":"closed","sticky":false,"template":"","format":"standard","meta":{"ngg_post_thumbnail":0,"footnotes":""},"categories":[1],"tags":[],"class_list":["post-106","post","type-post","status-publish","format-standard","has-post-thumbnail","hentry","category-uncategorized"],"_links":{"self":[{"href":"https:\/\/www.aatif-fortios.pt\/index.php?rest_route=\/wp\/v2\/posts\/106","targetHints":{"allow":["GET"]}}],"collection":[{"href":"https:\/\/www.aatif-fortios.pt\/index.php?rest_route=\/wp\/v2\/posts"}],"about":[{"href":"https:\/\/www.aatif-fortios.pt\/index.php?rest_route=\/wp\/v2\/types\/post"}],"author":[{"embeddable":true,"href":"https:\/\/www.aatif-fortios.pt\/index.php?rest_route=\/wp\/v2\/users\/3"}],"replies":[{"embeddable":true,"href":"https:\/\/www.aatif-fortios.pt\/index.php?rest_route=%2Fwp%2Fv2%2Fcomments&post=106"}],"version-history":[{"count":2,"href":"https:\/\/www.aatif-fortios.pt\/index.php?rest_route=\/wp\/v2\/posts\/106\/revisions"}],"predecessor-version":[{"id":312,"href":"https:\/\/www.aatif-fortios.pt\/index.php?rest_route=\/wp\/v2\/posts\/106\/revisions\/312"}],"wp:featuredmedia":[{"embeddable":true,"href":"https:\/\/www.aatif-fortios.pt\/index.php?rest_route=\/wp\/v2\/media\/107"}],"wp:attachment":[{"href":"https:\/\/www.aatif-fortios.pt\/index.php?rest_route=%2Fwp%2Fv2%2Fmedia&parent=106"}],"wp:term":[{"taxonomy":"category","embeddable":true,"href":"https:\/\/www.aatif-fortios.pt\/index.php?rest_route=%2Fwp%2Fv2%2Fcategories&post=106"},{"taxonomy":"post_tag","embeddable":true,"href":"https:\/\/www.aatif-fortios.pt\/index.php?rest_route=%2Fwp%2Fv2%2Ftags&post=106"}],"curies":[{"name":"wp","href":"https:\/\/api.w.org\/{rel}","templated":true}]}}